{"id":2999,"date":"2023-08-17T07:01:33","date_gmt":"2023-08-17T07:01:33","guid":{"rendered":"http:\/\/interlang.es\/?p=2999"},"modified":"2023-08-18T07:04:30","modified_gmt":"2023-08-18T07:04:30","slug":"el-verbo-ser-aleman","status":"publish","type":"post","link":"https:\/\/interlang.es\/en\/el-verbo-ser-aleman\/","title":{"rendered":"El verbo ser alem\u00e1n"},"content":{"rendered":"\n<p>El idioma alem\u00e1n es conocido por su estructura gramatical compleja y rica conjugaci\u00f3n de verbos. Uno de los verbos m\u00e1s importantes en alem\u00e1n es &#8220;<em>sein<\/em>&#8220;, que significa &#8220;ser&#8221; en espa\u00f1ol. El verbo &#8220;<em>sein<\/em>&#8221; es esencial en la comunicaci\u00f3n diaria, ya que se utiliza para expresar identidad, caracter\u00edsticas, profesi\u00f3n, nacionalidad, ubicaci\u00f3n y mucho m\u00e1s. En este art\u00edculo se va a explicar la conjugaci\u00f3n y el uso del verbo &#8220;<em>sein<\/em>&#8221; en alem\u00e1n, as\u00ed como algunas expresiones \u00fatiles que lo involucran.<\/p>\n\n\n\n<h2 class=\"wp-block-heading\" id=\"h-la-conjugacion-del-verbo-sein\">La conjugaci\u00f3n del verbo <em>\u201csein\u201d<\/em><\/h2>\n\n\n\n<p>El verbo \u201c<em>sein<\/em>\u201d es un verbo irregular en alem\u00e1n, lo que significa que su conjugaci\u00f3n difiere del patr\u00f3n regular de los verbos. A continuaci\u00f3n, se muestra la conjugaci\u00f3n del verbo \u201c<em>sein<\/em>\u201d en presente y en tiempo pasado (<em>pr\u00e4teritum<\/em>):<\/p>\n\n\n\n<h3 class=\"wp-block-heading\" id=\"h-presente\">Presente<\/h3>\n\n\n\n<p>&#8211; <em>Ich bin<\/em> (Yo soy\/estoy)<\/p>\n\n\n\n<p>&#8211; <em>Du bist<\/em> (T\u00fa eres\/est\u00e1s)<\/p>\n\n\n\n<p>&#8211; <em>Er\/Sie\/Es ist<\/em> (\u00c9l\/Ella\/Est\u00e1)<\/p>\n\n\n\n<p>&#8211; <em>Wir sind<\/em> (Nosotros somos\/estamos)<\/p>\n\n\n\n<p>&#8211; <em>Ihr seid<\/em> (Ustedes son\/est\u00e1n)<\/p>\n\n\n\n<p>&#8211; <em>Sie sind<\/em> (Ellos\/Ellas\/Ustedes son\/est\u00e1n)<\/p>\n\n\n\n<h3 class=\"wp-block-heading\" id=\"h-prateritum\">Pr\u00e4teritum<\/h3>\n\n\n\n<p>&#8211; <em>Ich war<\/em> (Yo era\/estaba)<\/p>\n\n\n\n<p>&#8211; <em>Du warst<\/em> (T\u00fa eras\/estabas)<\/p>\n\n\n\n<p>&#8211; <em>Er\/Sie\/Es war<\/em> (\u00c9l\/Ella\/Estaba)<\/p>\n\n\n\n<p>&#8211; <em>Wir waren<\/em> (Nosotros \u00e9ramos\/est\u00e1bamos)<\/p>\n\n\n\n<p>&#8211; <em>Ihr wart <\/em>(Ustedes eran\/estaban)<\/p>\n\n\n\n<p>&#8211; <em>Sie waren<\/em> (Ellos\/Ellas\/Ustedes eran\/estaban)<\/p>\n\n\n\n<p>Es importante notar que el uso del <em>pr\u00e4teritum<\/em> en la lengua hablada del alem\u00e1n contempor\u00e1neo es menos frecuente, y el presente se utiliza com\u00fanmente para describir acciones en el pasado.<\/p>\n\n\n\n<h2 class=\"wp-block-heading\" id=\"h-uso-del-verbo-sein\">Uso del verbo <em>\u201csein\u201d<\/em><\/h2>\n\n\n\n<p><strong>1. Identidad y caracter\u00edsticas: <\/strong>El verbo \u201c<em>sein<\/em>\u201d se utiliza para expresar identidad y caracter\u00edsticas personales. Por ejemplo:<\/p>\n\n\n\n<p>&nbsp;&nbsp;&nbsp;&#8211;<em> Ich bin Anna.<\/em> (Yo soy Anna.)<\/p>\n\n\n\n<p>&nbsp;&nbsp;&nbsp;&#8211; <em>Du bist gro\u00df<\/em>. (T\u00fa eres alto.)<\/p>\n\n\n\n<p>&nbsp;&nbsp;&nbsp;&#8211; <em>Er ist intelligent<\/em>. (\u00c9l es inteligente.)<\/p>\n\n\n\n<p>&nbsp;&nbsp;&nbsp;&#8211; <em>Wir sind Studenten<\/em>. (Nosotros somos estudiantes.)<\/p>\n\n\n\n<p><strong>2. Nacionalidad y profesi\u00f3n:<\/strong> Tambi\u00e9n se emplea para describir nacionalidad y profesiones:<\/p>\n\n\n\n<p>&nbsp;&nbsp;&nbsp;&#8211; <em>Ich bin Spanier<\/em>. (Soy espa\u00f1ol.)<\/p>\n\n\n\n<p>&nbsp;&nbsp;&nbsp;&#8211; <em>Sie sind Lehrerin<\/em>. (Ella es profesora.)<\/p>\n\n\n\n<p>&nbsp;&nbsp;&nbsp;&#8211; <em>Wir sind Deutsche.<\/em> (Somos alemanes.)<\/p>\n\n\n\n<p><strong>3. Ubicaci\u00f3n y hora:<\/strong> El verbo \u201c<em>sein<\/em>\u201d se utiliza para expresar ubicaci\u00f3n y hora:<\/p>\n\n\n\n<p>&nbsp;&nbsp;&nbsp;&#8211; <em>Ich bin zu Hause<\/em>. (Estoy en casa.)<\/p>\n\n\n\n<p>&nbsp;&nbsp;&nbsp;&#8211; <em>Wir sind in der Schule.<\/em> (Estamos en la escuela.)<\/p>\n\n\n\n<p>&nbsp;&nbsp;&nbsp;&#8211; <em>Es ist 3 Uhr.<\/em> (Son las 3.)<\/p>\n\n\n\n<p><strong>4. Describir eventos y condiciones: <\/strong>En algunas situaciones, el verbo \u201c<em>sein<\/em>\u201d se usa para describir eventos o condiciones espec\u00edficas:<\/p>\n\n\n\n<p>&nbsp;&nbsp;&nbsp;&#8211; <em>Es ist kalt.<\/em> (Hace fr\u00edo.)<\/p>\n\n\n\n<p>&nbsp;&nbsp;&nbsp;&#8211;<em> Es ist Weihnachten. <\/em>(Es Navidad.)<\/p>\n\n\n\n<p>&nbsp;&nbsp;&nbsp;&#8211; <em>Es war ein sch\u00f6ner Tag.<\/em> (Fue un d\u00eda bonito.)<\/p>\n\n\n\n<h2 class=\"wp-block-heading\" id=\"h-expresiones-utiles-con-el-verbo-sein\">Expresiones \u00fatiles con el verbo \u201c<em>sein\u201d<\/em><\/h2>\n\n\n\n<p>Adem\u00e1s de su uso b\u00e1sico, el verbo <em>\u201csein<\/em>\u201d aparece en muchas expresiones comunes en alem\u00e1n. Aqu\u00ed hay algunas de ellas:<\/p>\n\n\n\n<p>1. <em>Wie geht es dir? &#8211; Mir geht es gut.<\/em><\/p>\n\n\n\n<p>&nbsp;&nbsp;&nbsp;&#8211; \u00bfC\u00f3mo est\u00e1s? &#8211; Estoy bien.<\/p>\n\n\n\n<p>2. <em>Es ist egal.<\/em><\/p>\n\n\n\n<p>&nbsp;&nbsp;&nbsp;&#8211; No importa.<\/p>\n\n\n\n<p>3. <em>Es tut mir leid.<\/em><\/p>\n\n\n\n<p>&nbsp;&nbsp;&nbsp;&#8211; Lo siento.<\/p>\n\n\n\n<p>4. <em>Es ist nicht meine Schuld.<\/em><\/p>\n\n\n\n<p>&nbsp;&nbsp;&nbsp;&#8211; No es mi culpa.<\/p>\n\n\n\n<p>5. <em>Es ist sch\u00f6n hier.<\/em><\/p>\n\n\n\n<p>&nbsp;&nbsp;&nbsp;&#8211; Es bonito aqu\u00ed.<\/p>\n\n\n\n<p>6. <em>Es ist Zeit zu gehen.<\/em><\/p>\n\n\n\n<p>&nbsp;&nbsp;&nbsp;&#8211; Es hora de irse.<\/p>\n\n\n\n<p>7. <em>Es ist klar.<\/em><\/p>\n\n\n\n<p>&nbsp;&nbsp;&nbsp;&#8211; Est\u00e1 claro.<\/p>\n\n\n\n<h2 class=\"wp-block-heading\" id=\"h-consejos-para-practicar-la-conjugacion-del-verbo-sein\">Consejos para practicar la conjugaci\u00f3n del verbo \u201c<em>sein<\/em>\u201d<\/h2>\n\n\n\n<p><strong>1. Ejercicios de escritura:<\/strong> Es muy recomendable escribir oraciones en alem\u00e1n utilizando diferentes pronombres con el verbo \u201c<em>sein<\/em>\u201d. Asimismo, practicar conjugando el verbo en presente y <em>pr\u00e4teritum<\/em>.<\/p>\n\n\n\n<p><strong>2. Conversaciones simples<\/strong>: Realizar conversaciones simples en alem\u00e1n con amigos o compa\u00f1eros de estudio preguntando y respondiendo sobre identidad, nacionalidad y ubicaci\u00f3n tambi\u00e9n es un truco muy \u00fatil.<\/p>\n\n\n\n<p><strong>3. Aplicaciones de aprendizaje: <\/strong>Utilizar aplicaciones de aprendizaje de idiomas permite practicar la conjugaci\u00f3n de verbos adem\u00e1s de ofrecer ejercicios interactivos.<\/p>\n\n\n\n<p><strong>4. Canciones y pel\u00edculas:<\/strong> Resulta muy favorable escuchar canciones y ver pel\u00edculas en alem\u00e1n para familiarizarse con el uso del verbo \u201c<em>sein\u201d<\/em> en diferentes contextos.<\/p>\n\n\n\n<h2 class=\"wp-block-heading\" id=\"h-conclusion\">Conclusi\u00f3n<\/h2>\n\n\n\n<p>El verbo \u201c<em>sein<\/em>\u201d en alem\u00e1n es esencial para expresar identidad, caracter\u00edsticas, ubicaci\u00f3n y tiempo. Su conjugaci\u00f3n irregular puede parecer desafiante al principio, pero con la pr\u00e1ctica constante, se convertir\u00e1 en una habilidad natural. Incorporar expresiones \u00fatiles con \u201c<em>sein<\/em>\u201d en las conversaciones diarias puede mejorar la fluidez comunicativa y la comprensi\u00f3n del idioma alem\u00e1n.&nbsp;<\/p>\n\n\n\n<p>Saber hablar alem\u00e1n de forma competente y profesional est\u00e1 al alcance de todos los equipos de trabajo, gracias a los servicios formativos en idiomas para empresas de <strong><strong><strong><mark style=\"background-color:rgba(0, 0, 0, 0);color:#82bc00\" class=\"has-inline-color\">Interlang<\/mark><\/strong><\/strong>.<\/strong><\/p>\n","protected":false},"excerpt":{"rendered":"<p>El idioma alem\u00e1n es conocido por su estructura gramatical compleja y rica conjugaci\u00f3n de verbos. Uno de los verbos m\u00e1s importantes en alem\u00e1n es &#8220;sein&#8220;, que significa &#8220;ser&#8221; en espa\u00f1ol. El verbo &#8220;sein&#8221; es esencial en la comunicaci\u00f3n diaria, ya que se utiliza para expresar identidad, caracter\u00edsticas, profesi\u00f3n, nacionalidad, ubicaci\u00f3n y mucho m\u00e1s. En este [&hellip;]<\/p>\n","protected":false},"author":5,"featured_media":3001,"comment_status":"closed","ping_status":"open","sticky":false,"template":"","format":"standard","meta":{"_joinchat":[]},"categories":[5],"tags":[],"yoast_head":"<!-- This site is optimized with the Yoast SEO Premium plugin v20.6 (Yoast SEO v20.6) - https:\/\/yoast.com\/wordpress\/plugins\/seo\/ -->\n<title>El verbo ser alem\u00e1n - Interlang<\/title>\n<meta name=\"description\" content=\"Te ense\u00f1amos las caracter\u00edsticas principales del verbo ser alem\u00e1n, su conjugaci\u00f3n y uso. \u00a1Sigue nuestros consejos para dominarlo!\" \/>\n<meta name=\"robots\" content=\"index, follow, max-snippet:-1, max-image-preview:large, max-video-preview:-1\" \/>\n<link rel=\"canonical\" href=\"https:\/\/interlang.es\/el-verbo-ser-aleman\/\" \/>\n<meta property=\"og:locale\" content=\"en_US\" \/>\n<meta property=\"og:type\" content=\"article\" \/>\n<meta property=\"og:title\" content=\"El verbo ser alem\u00e1n\" \/>\n<meta property=\"og:description\" content=\"Te ense\u00f1amos las caracter\u00edsticas principales del verbo ser alem\u00e1n, su conjugaci\u00f3n y uso. \u00a1Sigue nuestros consejos para dominarlo!\" \/>\n<meta property=\"og:url\" content=\"https:\/\/interlang.es\/el-verbo-ser-aleman\/\" \/>\n<meta property=\"og:site_name\" content=\"Interlang\" \/>\n<meta property=\"article:published_time\" content=\"2023-08-17T07:01:33+00:00\" \/>\n<meta property=\"article:modified_time\" content=\"2023-08-18T07:04:30+00:00\" \/>\n<meta property=\"og:image\" content=\"https:\/\/interlang.es\/wp-content\/uploads\/2023\/08\/ser-aleman.jpg\" \/>\n\t<meta property=\"og:image:width\" content=\"1280\" \/>\n\t<meta property=\"og:image:height\" content=\"767\" \/>\n\t<meta property=\"og:image:type\" content=\"image\/jpeg\" \/>\n<meta name=\"author\" content=\"GoOne\" \/>\n<meta name=\"twitter:card\" content=\"summary_large_image\" \/>\n<meta name=\"twitter:label1\" content=\"Written by\" \/>\n\t<meta name=\"twitter:data1\" content=\"GoOne\" \/>\n\t<meta name=\"twitter:label2\" content=\"Est. reading time\" \/>\n\t<meta name=\"twitter:data2\" content=\"3 minutes\" \/>\n<script type=\"application\/ld+json\" class=\"yoast-schema-graph\">{\"@context\":\"https:\/\/schema.org\",\"@graph\":[{\"@type\":\"Article\",\"@id\":\"https:\/\/interlang.es\/el-verbo-ser-aleman\/#article\",\"isPartOf\":{\"@id\":\"https:\/\/interlang.es\/el-verbo-ser-aleman\/\"},\"author\":{\"name\":\"GoOne\",\"@id\":\"https:\/\/interlang.es\/#\/schema\/person\/e51a95af9634701e30859513a5b99732\"},\"headline\":\"El verbo ser alem\u00e1n\",\"datePublished\":\"2023-08-17T07:01:33+00:00\",\"dateModified\":\"2023-08-18T07:04:30+00:00\",\"mainEntityOfPage\":{\"@id\":\"https:\/\/interlang.es\/el-verbo-ser-aleman\/\"},\"wordCount\":796,\"publisher\":{\"@id\":\"https:\/\/interlang.es\/#organization\"},\"articleSection\":[\"Art\u00edculo\"],\"inLanguage\":\"en-US\"},{\"@type\":\"WebPage\",\"@id\":\"https:\/\/interlang.es\/el-verbo-ser-aleman\/\",\"url\":\"https:\/\/interlang.es\/el-verbo-ser-aleman\/\",\"name\":\"El verbo ser alem\u00e1n - Interlang\",\"isPartOf\":{\"@id\":\"https:\/\/interlang.es\/#website\"},\"datePublished\":\"2023-08-17T07:01:33+00:00\",\"dateModified\":\"2023-08-18T07:04:30+00:00\",\"description\":\"Te ense\u00f1amos las caracter\u00edsticas principales del verbo ser alem\u00e1n, su conjugaci\u00f3n y uso. \u00a1Sigue nuestros consejos para dominarlo!\",\"breadcrumb\":{\"@id\":\"https:\/\/interlang.es\/el-verbo-ser-aleman\/#breadcrumb\"},\"inLanguage\":\"en-US\",\"potentialAction\":[{\"@type\":\"ReadAction\",\"target\":[\"https:\/\/interlang.es\/el-verbo-ser-aleman\/\"]}]},{\"@type\":\"BreadcrumbList\",\"@id\":\"https:\/\/interlang.es\/el-verbo-ser-aleman\/#breadcrumb\",\"itemListElement\":[{\"@type\":\"ListItem\",\"position\":1,\"name\":\"Portada\",\"item\":\"http:\/\/interlang.es\/en\/\"},{\"@type\":\"ListItem\",\"position\":2,\"name\":\"El verbo ser alem\u00e1n\"}]},{\"@type\":\"WebSite\",\"@id\":\"https:\/\/interlang.es\/#website\",\"url\":\"https:\/\/interlang.es\/\",\"name\":\"Interlang\",\"description\":\"Just another WordPress site\",\"publisher\":{\"@id\":\"https:\/\/interlang.es\/#organization\"},\"potentialAction\":[{\"@type\":\"SearchAction\",\"target\":{\"@type\":\"EntryPoint\",\"urlTemplate\":\"https:\/\/interlang.es\/?s={search_term_string}\"},\"query-input\":\"required name=search_term_string\"}],\"inLanguage\":\"en-US\"},{\"@type\":\"Organization\",\"@id\":\"https:\/\/interlang.es\/#organization\",\"name\":\"Interlang\",\"url\":\"https:\/\/interlang.es\/\",\"logo\":{\"@type\":\"ImageObject\",\"inLanguage\":\"en-US\",\"@id\":\"https:\/\/interlang.es\/#\/schema\/logo\/image\/\",\"url\":\"https:\/\/interlang.es\/wp-content\/uploads\/2023\/05\/Logo_Interlang_Herencia_Reducido.png\",\"contentUrl\":\"https:\/\/interlang.es\/wp-content\/uploads\/2023\/05\/Logo_Interlang_Herencia_Reducido.png\",\"width\":1120,\"height\":321,\"caption\":\"Interlang\"},\"image\":{\"@id\":\"https:\/\/interlang.es\/#\/schema\/logo\/image\/\"}},{\"@type\":\"Person\",\"@id\":\"https:\/\/interlang.es\/#\/schema\/person\/e51a95af9634701e30859513a5b99732\",\"name\":\"GoOne\",\"image\":{\"@type\":\"ImageObject\",\"inLanguage\":\"en-US\",\"@id\":\"https:\/\/interlang.es\/#\/schema\/person\/image\/\",\"url\":\"https:\/\/secure.gravatar.com\/avatar\/abe82f04f5bcd5672cb45d43f3e9d088?s=96&d=retro&r=g\",\"contentUrl\":\"https:\/\/secure.gravatar.com\/avatar\/abe82f04f5bcd5672cb45d43f3e9d088?s=96&d=retro&r=g\",\"caption\":\"GoOne\"},\"sameAs\":[\"http:\/\/www.goone.es\"],\"url\":\"https:\/\/interlang.es\/en\/author\/goone\/\"}]}<\/script>\n<!-- \/ Yoast SEO Premium plugin. -->","yoast_head_json":{"title":"El verbo ser alem\u00e1n - Interlang","description":"Te ense\u00f1amos las caracter\u00edsticas principales del verbo ser alem\u00e1n, su conjugaci\u00f3n y uso. \u00a1Sigue nuestros consejos para dominarlo!","robots":{"index":"index","follow":"follow","max-snippet":"max-snippet:-1","max-image-preview":"max-image-preview:large","max-video-preview":"max-video-preview:-1"},"canonical":"https:\/\/interlang.es\/el-verbo-ser-aleman\/","og_locale":"en_US","og_type":"article","og_title":"El verbo ser alem\u00e1n","og_description":"Te ense\u00f1amos las caracter\u00edsticas principales del verbo ser alem\u00e1n, su conjugaci\u00f3n y uso. \u00a1Sigue nuestros consejos para dominarlo!","og_url":"https:\/\/interlang.es\/el-verbo-ser-aleman\/","og_site_name":"Interlang","article_published_time":"2023-08-17T07:01:33+00:00","article_modified_time":"2023-08-18T07:04:30+00:00","og_image":[{"width":1280,"height":767,"url":"https:\/\/interlang.es\/wp-content\/uploads\/2023\/08\/ser-aleman.jpg","type":"image\/jpeg"}],"author":"GoOne","twitter_card":"summary_large_image","twitter_misc":{"Written by":"GoOne","Est. reading time":"3 minutes"},"schema":{"@context":"https:\/\/schema.org","@graph":[{"@type":"Article","@id":"https:\/\/interlang.es\/el-verbo-ser-aleman\/#article","isPartOf":{"@id":"https:\/\/interlang.es\/el-verbo-ser-aleman\/"},"author":{"name":"GoOne","@id":"https:\/\/interlang.es\/#\/schema\/person\/e51a95af9634701e30859513a5b99732"},"headline":"El verbo ser alem\u00e1n","datePublished":"2023-08-17T07:01:33+00:00","dateModified":"2023-08-18T07:04:30+00:00","mainEntityOfPage":{"@id":"https:\/\/interlang.es\/el-verbo-ser-aleman\/"},"wordCount":796,"publisher":{"@id":"https:\/\/interlang.es\/#organization"},"articleSection":["Art\u00edculo"],"inLanguage":"en-US"},{"@type":"WebPage","@id":"https:\/\/interlang.es\/el-verbo-ser-aleman\/","url":"https:\/\/interlang.es\/el-verbo-ser-aleman\/","name":"El verbo ser alem\u00e1n - Interlang","isPartOf":{"@id":"https:\/\/interlang.es\/#website"},"datePublished":"2023-08-17T07:01:33+00:00","dateModified":"2023-08-18T07:04:30+00:00","description":"Te ense\u00f1amos las caracter\u00edsticas principales del verbo ser alem\u00e1n, su conjugaci\u00f3n y uso. \u00a1Sigue nuestros consejos para dominarlo!","breadcrumb":{"@id":"https:\/\/interlang.es\/el-verbo-ser-aleman\/#breadcrumb"},"inLanguage":"en-US","potentialAction":[{"@type":"ReadAction","target":["https:\/\/interlang.es\/el-verbo-ser-aleman\/"]}]},{"@type":"BreadcrumbList","@id":"https:\/\/interlang.es\/el-verbo-ser-aleman\/#breadcrumb","itemListElement":[{"@type":"ListItem","position":1,"name":"Portada","item":"http:\/\/interlang.es\/en\/"},{"@type":"ListItem","position":2,"name":"El verbo ser alem\u00e1n"}]},{"@type":"WebSite","@id":"https:\/\/interlang.es\/#website","url":"https:\/\/interlang.es\/","name":"Interlang","description":"Just another WordPress site","publisher":{"@id":"https:\/\/interlang.es\/#organization"},"potentialAction":[{"@type":"SearchAction","target":{"@type":"EntryPoint","urlTemplate":"https:\/\/interlang.es\/?s={search_term_string}"},"query-input":"required name=search_term_string"}],"inLanguage":"en-US"},{"@type":"Organization","@id":"https:\/\/interlang.es\/#organization","name":"Interlang","url":"https:\/\/interlang.es\/","logo":{"@type":"ImageObject","inLanguage":"en-US","@id":"https:\/\/interlang.es\/#\/schema\/logo\/image\/","url":"https:\/\/interlang.es\/wp-content\/uploads\/2023\/05\/Logo_Interlang_Herencia_Reducido.png","contentUrl":"https:\/\/interlang.es\/wp-content\/uploads\/2023\/05\/Logo_Interlang_Herencia_Reducido.png","width":1120,"height":321,"caption":"Interlang"},"image":{"@id":"https:\/\/interlang.es\/#\/schema\/logo\/image\/"}},{"@type":"Person","@id":"https:\/\/interlang.es\/#\/schema\/person\/e51a95af9634701e30859513a5b99732","name":"GoOne","image":{"@type":"ImageObject","inLanguage":"en-US","@id":"https:\/\/interlang.es\/#\/schema\/person\/image\/","url":"https:\/\/secure.gravatar.com\/avatar\/abe82f04f5bcd5672cb45d43f3e9d088?s=96&d=retro&r=g","contentUrl":"https:\/\/secure.gravatar.com\/avatar\/abe82f04f5bcd5672cb45d43f3e9d088?s=96&d=retro&r=g","caption":"GoOne"},"sameAs":["http:\/\/www.goone.es"],"url":"https:\/\/interlang.es\/en\/author\/goone\/"}]}},"_links":{"self":[{"href":"https:\/\/interlang.es\/en\/wp-json\/wp\/v2\/posts\/2999"}],"collection":[{"href":"https:\/\/interlang.es\/en\/wp-json\/wp\/v2\/posts"}],"about":[{"href":"https:\/\/interlang.es\/en\/wp-json\/wp\/v2\/types\/post"}],"author":[{"embeddable":true,"href":"https:\/\/interlang.es\/en\/wp-json\/wp\/v2\/users\/5"}],"replies":[{"embeddable":true,"href":"https:\/\/interlang.es\/en\/wp-json\/wp\/v2\/comments?post=2999"}],"version-history":[{"count":2,"href":"https:\/\/interlang.es\/en\/wp-json\/wp\/v2\/posts\/2999\/revisions"}],"predecessor-version":[{"id":3003,"href":"https:\/\/interlang.es\/en\/wp-json\/wp\/v2\/posts\/2999\/revisions\/3003"}],"wp:featuredmedia":[{"embeddable":true,"href":"https:\/\/interlang.es\/en\/wp-json\/wp\/v2\/media\/3001"}],"wp:attachment":[{"href":"https:\/\/interlang.es\/en\/wp-json\/wp\/v2\/media?parent=2999"}],"wp:term":[{"taxonomy":"category","embeddable":true,"href":"https:\/\/interlang.es\/en\/wp-json\/wp\/v2\/categories?post=2999"},{"taxonomy":"post_tag","embeddable":true,"href":"https:\/\/interlang.es\/en\/wp-json\/wp\/v2\/tags?post=2999"}],"curies":[{"name":"wp","href":"https:\/\/api.w.org\/{rel}","templated":true}]}}