{"id":2909,"date":"2023-07-25T10:49:01","date_gmt":"2023-07-25T10:49:01","guid":{"rendered":"http:\/\/interlang.es\/?p=2909"},"modified":"2023-07-27T10:52:39","modified_gmt":"2023-07-27T10:52:39","slug":"el-verbo-ser-en-portugues","status":"publish","type":"post","link":"https:\/\/interlang.es\/en\/el-verbo-ser-en-portugues\/","title":{"rendered":"El verbo ser en portugu\u00e9s"},"content":{"rendered":"\n<p>El verbo &#8220;ser&#8221; es uno de los pilares fundamentales de cualquier idioma, ya que se utiliza para describir identidad, caracter\u00edsticas, origen y relaciones de una manera general. En el caso del portugu\u00e9s, un idioma rom\u00e1nico hablado por m\u00e1s de 260 millones de personas en todo el mundo, el verbo &#8220;ser&#8221; desempe\u00f1a un papel esencial en la comunicaci\u00f3n cotidiana y en la construcci\u00f3n de oraciones significativas. En este art\u00edculo te ense\u00f1aremos el uso y la conjugaci\u00f3n del verbo &#8220;ser&#8221; en portugu\u00e9s, as\u00ed como su importancia cultural y ling\u00fc\u00edstica en la identidad de las personas y las sociedades lus\u00f3fonas.<\/p>\n\n\n\n<h2 class=\"wp-block-heading\" id=\"h-uso-del-verbo-ser-en-portugues\">Uso del verbo &#8220;ser&#8221; en portugu\u00e9s<\/h2>\n\n\n\n<p>En portugu\u00e9s, el verbo &#8220;ser&#8221; se utiliza para indicar identidad, caracter\u00edsticas inherentes, nacionalidad, lugar de origen, ocupaci\u00f3n y relaciones familiares. A diferencia del verbo &#8220;estar&#8221;, que se utiliza para expresar estados temporales o situaciones cambiantes, &#8220;ser&#8221; establece una idea m\u00e1s permanente o esencial sobre el sujeto. Veamos algunos ejemplos:<\/p>\n\n\n\n<h3 class=\"wp-block-heading\" id=\"h-1-identidad-y-caracteristicas\">1. Identidad y caracter\u00edsticas<\/h3>\n\n\n\n<p><em>&#8211; Eu sou estudante.<\/em> (Soy estudiante.)<\/p>\n\n\n\n<p><em>&#8211; Ela \u00e9 brasileira.<\/em> (Ella es brasile\u00f1a.)<\/p>\n\n\n\n<p><em>&#8211; N\u00f3s somos felizes.<\/em> (Somos felices.)<\/p>\n\n\n\n<h3 class=\"wp-block-heading\" id=\"h-2-nacionalidad-y-origen\">2. Nacionalidad y origen<\/h3>\n\n\n\n<p><em>&#8211; Ele \u00e9 de Portugal.<\/em> (\u00c9l es de Portugal.)<\/p>\n\n\n\n<p>&#8211; <em>Voc\u00eas s\u00e3o da Espanha?<\/em> (\u00bfSon ustedes de Espa\u00f1a?)<\/p>\n\n\n\n<h3 class=\"wp-block-heading\" id=\"h-3-ocupacion-y-profesion\">3. Ocupaci\u00f3n y profesi\u00f3n<\/h3>\n\n\n\n<p><em>&#8211; Eles s\u00e3o m\u00e9dicos<\/em>. (Ellos son m\u00e9dicos.)<\/p>\n\n\n\n<p><em>&#8211; Ela \u00e9 professora.<\/em> (Ella es profesora.)<\/p>\n\n\n\n<h3 class=\"wp-block-heading\" id=\"h-4-relaciones-familiares\">4. Relaciones familiares<\/h3>\n\n\n\n<p><em>&#8211; O meu irm\u00e3o \u00e9 muito simp\u00e1tico<\/em>. (Mi hermano es muy simp\u00e1tico.)<\/p>\n\n\n\n<p><em>&#8211; A Maria \u00e9 minha prima.<\/em> (Mar\u00eda es mi prima.)<\/p>\n\n\n\n<h2 class=\"wp-block-heading\" id=\"h-conjugacion-del-verbo-ser-en-portugues\">Conjugaci\u00f3n del verbo &#8220;ser&#8221; en portugu\u00e9s<\/h2>\n\n\n\n<p>La conjugaci\u00f3n del verbo &#8220;ser&#8221; en portugu\u00e9s es irregular y \u00fanica en cada persona gramatical. A continuaci\u00f3n, se presenta la conjugaci\u00f3n del verbo &#8220;ser&#8221; en el presente del indicativo:<\/p>\n\n\n\n<p><em>&#8211; Eu sou<\/em> (Yo soy)<\/p>\n\n\n\n<p><em>&#8211; Tu \u00e9s<\/em> (T\u00fa eres)<\/p>\n\n\n\n<p><em>&#8211; Ele\/Ela\/Voc\u00ea \u00e9<\/em> (\u00c9l\/Ella\/Usted es)<\/p>\n\n\n\n<p><em>&#8211; N\u00f3s somos<\/em> (Nosotros\/as somos)<\/p>\n\n\n\n<p><em>&#8211; V\u00f3s sois<\/em> (Vosotros\/as sois)<\/p>\n\n\n\n<p><em>&#8211; Eles\/Elas\/Voc\u00eas s\u00e3o<\/em> (Ellos\/Ellas\/Ustedes son)<\/p>\n\n\n\n<p>Es importante destacar que la forma &#8220;<em>v\u00f3s sois<\/em>&#8221; se utiliza principalmente en Portugal y en situaciones formales, mientras que, en Brasil, se utiliza principalmente la forma &#8220;<em>voc\u00eas s\u00e3o&#8221;<\/em> para el plural de &#8220;ustedes&#8221;.<\/p>\n\n\n\n<h2 class=\"wp-block-heading\" id=\"h-importancia-cultural-y-linguistica-del-verbo-ser-en-portugues\">Importancia cultural y ling\u00fc\u00edstica del verbo &#8220;ser&#8221; en portugu\u00e9s<\/h2>\n\n\n\n<h3 class=\"wp-block-heading\" id=\"h-identidad-de-las-personas\">Identidad de las personas<\/h3>\n\n\n\n<p>El verbo &#8220;<em>ser<\/em>&#8221; tiene una importancia cultural y ling\u00fc\u00edstica en la identidad de las personas y las sociedades lus\u00f3fonas. A trav\u00e9s del uso del verbo &#8220;<em>ser<\/em>&#8220;, se expresan aspectos fundamentales de la identidad de una persona, como su nacionalidad, origen, profesi\u00f3n y relaciones familiares. Estos elementos definen en gran medida qui\u00e9nes somos y c\u00f3mo nos percibimos a nosotros mismos en la sociedad.<\/p>\n\n\n\n<h3 class=\"wp-block-heading\" id=\"h-literatura-cine-y-musica\">Literatura, cine y m\u00fasica<\/h3>\n\n\n\n<p>En el contexto de la cultura lus\u00f3fona, el verbo &#8220;<em>ser<\/em>&#8221; tambi\u00e9n desempe\u00f1a un papel importante en la literatura, el cine y la m\u00fasica. A trav\u00e9s de la poes\u00eda y la prosa, se exploran temas relacionados con la identidad, el sentido de pertenencia y la b\u00fasqueda de la autenticidad. En las canciones y pel\u00edculas, el verbo &#8220;<em>ser<\/em>&#8221; se utiliza para transmitir emociones y mensajes profundos sobre la esencia de la existencia y las relaciones humanas.<\/p>\n\n\n\n<h3 class=\"wp-block-heading\" id=\"h-caracteristicas-personales\">Caracter\u00edsticas personales<\/h3>\n\n\n\n<p>Por otro lado, el verbo &#8220;ser&#8221; en portugu\u00e9s tambi\u00e9n puede ser utilizado para enfatizar caracter\u00edsticas esenciales de una persona o cosa. Por ejemplo, la expresi\u00f3n &#8220;<em>\u00e9 mesmo<\/em>!&#8221; se utiliza para afirmar con firmeza algo que es cierto y se traduce como &#8220;\u00a1es verdad!&#8221; o &#8220;\u00a1as\u00ed es!&#8221;. Esta construcci\u00f3n es com\u00fan en el habla coloquial y se utiliza para reforzar una idea o aclarar una afirmaci\u00f3n.<\/p>\n\n\n\n<h3 class=\"wp-block-heading\" id=\"h-la-voz-pasiva-en-portugues\">La voz pasiva en portugu\u00e9s<\/h3>\n\n\n\n<p>En t\u00e9rminos gramaticales, el verbo &#8220;<em>ser<\/em>&#8221; tambi\u00e9n es esencial para la formaci\u00f3n de la voz pasiva en portugu\u00e9s. La voz pasiva se utiliza para enfocar la acci\u00f3n del verbo en el objeto, en lugar de en el sujeto que realiza la acci\u00f3n. Por ejemplo:<\/p>\n\n\n\n<p>&#8211; <em>A casa foi constru\u00edda pelos trabalhadores<\/em>. (La casa fue construida por los trabajadores.)<\/p>\n\n\n\n<p>En esta oraci\u00f3n, el verbo &#8220;<em>ser<\/em>&#8221; se utiliza como auxiliar para formar la voz pasiva y enfocar la acci\u00f3n de construir en el objeto &#8220;<em>casa<\/em>&#8221; en lugar del sujeto &#8220;<em> trabalhadores<\/em> &#8220;.<\/p>\n\n\n\n<h2 class=\"wp-block-heading\" id=\"h-conclusion\">Conclusi\u00f3n<\/h2>\n\n\n\n<p>El verbo &#8220;<em>ser<\/em>&#8221; en portugu\u00e9s es un elemento esencial en la comunicaci\u00f3n cotidiana y en la construcci\u00f3n de la identidad personal y cultural. A trav\u00e9s de su uso, se expresan caracter\u00edsticas fundamentales de una persona, su origen, ocupaci\u00f3n y relaciones familiares. Adem\u00e1s, el verbo &#8220;<em>ser<\/em>&#8221; tiene una importancia ling\u00fc\u00edstica en la formaci\u00f3n de la voz pasiva y en la creaci\u00f3n de oraciones significativas en el idioma portugu\u00e9s. Al dominar la conjugaci\u00f3n y el uso del verbo &#8220;<em>ser<\/em>&#8220;, los estudiantes de portugu\u00e9s pueden enriquecer su capacidad para expresarse de manera precisa y aut\u00e9ntica en la comunidad lus\u00f3fona.<br><br>Para que los empleados de una organizaci\u00f3n se manejen con soltura en portugu\u00e9s, s\u00f3lo hay que elegir el plan formativo de <strong><strong><mark style=\"background-color:rgba(0, 0, 0, 0);color:#82bc00\" class=\"has-inline-color\">Interlang<\/mark><\/strong> <\/strong>que mejor se adapte a nuestras necesidades. \u00a1<a href=\"http:\/\/interlang.es\/contacto\/\">Contacta ahora<\/a> para m\u00e1s informaci\u00f3n!<\/p>\n","protected":false},"excerpt":{"rendered":"<p>El verbo &#8220;ser&#8221; es uno de los pilares fundamentales de cualquier idioma, ya que se utiliza para describir identidad, caracter\u00edsticas, origen y relaciones de una manera general. En el caso del portugu\u00e9s, un idioma rom\u00e1nico hablado por m\u00e1s de 260 millones de personas en todo el mundo, el verbo &#8220;ser&#8221; desempe\u00f1a un papel esencial en [&hellip;]<\/p>\n","protected":false},"author":5,"featured_media":2911,"comment_status":"closed","ping_status":"open","sticky":false,"template":"","format":"standard","meta":{"_joinchat":[]},"categories":[5],"tags":[],"yoast_head":"<!-- This site is optimized with the Yoast SEO Premium plugin v20.6 (Yoast SEO v20.6) - https:\/\/yoast.com\/wordpress\/plugins\/seo\/ -->\n<title>El verbo ser en portugu\u00e9s - Interlang<\/title>\n<meta name=\"description\" content=\"Descubre el verbo ser en portugu\u00e9s, c\u00f3mo se usa, cu\u00e1l es su conjugaci\u00f3n y su importancia en la ling\u00fc\u00edstica y el sector de la Cultura.\" \/>\n<meta name=\"robots\" content=\"index, follow, max-snippet:-1, max-image-preview:large, max-video-preview:-1\" \/>\n<link rel=\"canonical\" href=\"https:\/\/interlang.es\/el-verbo-ser-en-portugues\/\" \/>\n<meta property=\"og:locale\" content=\"en_US\" \/>\n<meta property=\"og:type\" content=\"article\" \/>\n<meta property=\"og:title\" content=\"El verbo ser en portugu\u00e9s\" \/>\n<meta property=\"og:description\" content=\"Descubre el verbo ser en portugu\u00e9s, c\u00f3mo se usa, cu\u00e1l es su conjugaci\u00f3n y su importancia en la ling\u00fc\u00edstica y el sector de la Cultura.\" \/>\n<meta property=\"og:url\" content=\"https:\/\/interlang.es\/el-verbo-ser-en-portugues\/\" \/>\n<meta property=\"og:site_name\" content=\"Interlang\" \/>\n<meta property=\"article:published_time\" content=\"2023-07-25T10:49:01+00:00\" \/>\n<meta property=\"article:modified_time\" content=\"2023-07-27T10:52:39+00:00\" \/>\n<meta property=\"og:image\" content=\"https:\/\/interlang.es\/wp-content\/uploads\/2023\/07\/verbo-ser-portugues.jpg\" \/>\n\t<meta property=\"og:image:width\" content=\"1280\" \/>\n\t<meta property=\"og:image:height\" content=\"853\" \/>\n\t<meta property=\"og:image:type\" content=\"image\/jpeg\" \/>\n<meta name=\"author\" content=\"GoOne\" \/>\n<meta name=\"twitter:card\" content=\"summary_large_image\" \/>\n<meta name=\"twitter:label1\" content=\"Written by\" \/>\n\t<meta name=\"twitter:data1\" content=\"GoOne\" \/>\n\t<meta name=\"twitter:label2\" content=\"Est. reading time\" \/>\n\t<meta name=\"twitter:data2\" content=\"4 minutes\" \/>\n<script type=\"application\/ld+json\" class=\"yoast-schema-graph\">{\"@context\":\"https:\/\/schema.org\",\"@graph\":[{\"@type\":\"Article\",\"@id\":\"https:\/\/interlang.es\/el-verbo-ser-en-portugues\/#article\",\"isPartOf\":{\"@id\":\"https:\/\/interlang.es\/el-verbo-ser-en-portugues\/\"},\"author\":{\"name\":\"GoOne\",\"@id\":\"https:\/\/interlang.es\/#\/schema\/person\/e51a95af9634701e30859513a5b99732\"},\"headline\":\"El verbo ser en portugu\u00e9s\",\"datePublished\":\"2023-07-25T10:49:01+00:00\",\"dateModified\":\"2023-07-27T10:52:39+00:00\",\"mainEntityOfPage\":{\"@id\":\"https:\/\/interlang.es\/el-verbo-ser-en-portugues\/\"},\"wordCount\":888,\"publisher\":{\"@id\":\"https:\/\/interlang.es\/#organization\"},\"articleSection\":[\"Art\u00edculo\"],\"inLanguage\":\"en-US\"},{\"@type\":\"WebPage\",\"@id\":\"https:\/\/interlang.es\/el-verbo-ser-en-portugues\/\",\"url\":\"https:\/\/interlang.es\/el-verbo-ser-en-portugues\/\",\"name\":\"El verbo ser en portugu\u00e9s - Interlang\",\"isPartOf\":{\"@id\":\"https:\/\/interlang.es\/#website\"},\"datePublished\":\"2023-07-25T10:49:01+00:00\",\"dateModified\":\"2023-07-27T10:52:39+00:00\",\"description\":\"Descubre el verbo ser en portugu\u00e9s, c\u00f3mo se usa, cu\u00e1l es su conjugaci\u00f3n y su importancia en la ling\u00fc\u00edstica y el sector de la Cultura.\",\"breadcrumb\":{\"@id\":\"https:\/\/interlang.es\/el-verbo-ser-en-portugues\/#breadcrumb\"},\"inLanguage\":\"en-US\",\"potentialAction\":[{\"@type\":\"ReadAction\",\"target\":[\"https:\/\/interlang.es\/el-verbo-ser-en-portugues\/\"]}]},{\"@type\":\"BreadcrumbList\",\"@id\":\"https:\/\/interlang.es\/el-verbo-ser-en-portugues\/#breadcrumb\",\"itemListElement\":[{\"@type\":\"ListItem\",\"position\":1,\"name\":\"Portada\",\"item\":\"http:\/\/interlang.es\/en\/\"},{\"@type\":\"ListItem\",\"position\":2,\"name\":\"El verbo ser en portugu\u00e9s\"}]},{\"@type\":\"WebSite\",\"@id\":\"https:\/\/interlang.es\/#website\",\"url\":\"https:\/\/interlang.es\/\",\"name\":\"Interlang\",\"description\":\"Just another WordPress site\",\"publisher\":{\"@id\":\"https:\/\/interlang.es\/#organization\"},\"potentialAction\":[{\"@type\":\"SearchAction\",\"target\":{\"@type\":\"EntryPoint\",\"urlTemplate\":\"https:\/\/interlang.es\/?s={search_term_string}\"},\"query-input\":\"required name=search_term_string\"}],\"inLanguage\":\"en-US\"},{\"@type\":\"Organization\",\"@id\":\"https:\/\/interlang.es\/#organization\",\"name\":\"Interlang\",\"url\":\"https:\/\/interlang.es\/\",\"logo\":{\"@type\":\"ImageObject\",\"inLanguage\":\"en-US\",\"@id\":\"https:\/\/interlang.es\/#\/schema\/logo\/image\/\",\"url\":\"https:\/\/interlang.es\/wp-content\/uploads\/2023\/05\/Logo_Interlang_Herencia_Reducido.png\",\"contentUrl\":\"https:\/\/interlang.es\/wp-content\/uploads\/2023\/05\/Logo_Interlang_Herencia_Reducido.png\",\"width\":1120,\"height\":321,\"caption\":\"Interlang\"},\"image\":{\"@id\":\"https:\/\/interlang.es\/#\/schema\/logo\/image\/\"}},{\"@type\":\"Person\",\"@id\":\"https:\/\/interlang.es\/#\/schema\/person\/e51a95af9634701e30859513a5b99732\",\"name\":\"GoOne\",\"image\":{\"@type\":\"ImageObject\",\"inLanguage\":\"en-US\",\"@id\":\"https:\/\/interlang.es\/#\/schema\/person\/image\/\",\"url\":\"https:\/\/secure.gravatar.com\/avatar\/abe82f04f5bcd5672cb45d43f3e9d088?s=96&d=retro&r=g\",\"contentUrl\":\"https:\/\/secure.gravatar.com\/avatar\/abe82f04f5bcd5672cb45d43f3e9d088?s=96&d=retro&r=g\",\"caption\":\"GoOne\"},\"sameAs\":[\"http:\/\/www.goone.es\"],\"url\":\"https:\/\/interlang.es\/en\/author\/goone\/\"}]}<\/script>\n<!-- \/ Yoast SEO Premium plugin. -->","yoast_head_json":{"title":"El verbo ser en portugu\u00e9s - Interlang","description":"Descubre el verbo ser en portugu\u00e9s, c\u00f3mo se usa, cu\u00e1l es su conjugaci\u00f3n y su importancia en la ling\u00fc\u00edstica y el sector de la Cultura.","robots":{"index":"index","follow":"follow","max-snippet":"max-snippet:-1","max-image-preview":"max-image-preview:large","max-video-preview":"max-video-preview:-1"},"canonical":"https:\/\/interlang.es\/el-verbo-ser-en-portugues\/","og_locale":"en_US","og_type":"article","og_title":"El verbo ser en portugu\u00e9s","og_description":"Descubre el verbo ser en portugu\u00e9s, c\u00f3mo se usa, cu\u00e1l es su conjugaci\u00f3n y su importancia en la ling\u00fc\u00edstica y el sector de la Cultura.","og_url":"https:\/\/interlang.es\/el-verbo-ser-en-portugues\/","og_site_name":"Interlang","article_published_time":"2023-07-25T10:49:01+00:00","article_modified_time":"2023-07-27T10:52:39+00:00","og_image":[{"width":1280,"height":853,"url":"https:\/\/interlang.es\/wp-content\/uploads\/2023\/07\/verbo-ser-portugues.jpg","type":"image\/jpeg"}],"author":"GoOne","twitter_card":"summary_large_image","twitter_misc":{"Written by":"GoOne","Est. reading time":"4 minutes"},"schema":{"@context":"https:\/\/schema.org","@graph":[{"@type":"Article","@id":"https:\/\/interlang.es\/el-verbo-ser-en-portugues\/#article","isPartOf":{"@id":"https:\/\/interlang.es\/el-verbo-ser-en-portugues\/"},"author":{"name":"GoOne","@id":"https:\/\/interlang.es\/#\/schema\/person\/e51a95af9634701e30859513a5b99732"},"headline":"El verbo ser en portugu\u00e9s","datePublished":"2023-07-25T10:49:01+00:00","dateModified":"2023-07-27T10:52:39+00:00","mainEntityOfPage":{"@id":"https:\/\/interlang.es\/el-verbo-ser-en-portugues\/"},"wordCount":888,"publisher":{"@id":"https:\/\/interlang.es\/#organization"},"articleSection":["Art\u00edculo"],"inLanguage":"en-US"},{"@type":"WebPage","@id":"https:\/\/interlang.es\/el-verbo-ser-en-portugues\/","url":"https:\/\/interlang.es\/el-verbo-ser-en-portugues\/","name":"El verbo ser en portugu\u00e9s - Interlang","isPartOf":{"@id":"https:\/\/interlang.es\/#website"},"datePublished":"2023-07-25T10:49:01+00:00","dateModified":"2023-07-27T10:52:39+00:00","description":"Descubre el verbo ser en portugu\u00e9s, c\u00f3mo se usa, cu\u00e1l es su conjugaci\u00f3n y su importancia en la ling\u00fc\u00edstica y el sector de la Cultura.","breadcrumb":{"@id":"https:\/\/interlang.es\/el-verbo-ser-en-portugues\/#breadcrumb"},"inLanguage":"en-US","potentialAction":[{"@type":"ReadAction","target":["https:\/\/interlang.es\/el-verbo-ser-en-portugues\/"]}]},{"@type":"BreadcrumbList","@id":"https:\/\/interlang.es\/el-verbo-ser-en-portugues\/#breadcrumb","itemListElement":[{"@type":"ListItem","position":1,"name":"Portada","item":"http:\/\/interlang.es\/en\/"},{"@type":"ListItem","position":2,"name":"El verbo ser en portugu\u00e9s"}]},{"@type":"WebSite","@id":"https:\/\/interlang.es\/#website","url":"https:\/\/interlang.es\/","name":"Interlang","description":"Just another WordPress site","publisher":{"@id":"https:\/\/interlang.es\/#organization"},"potentialAction":[{"@type":"SearchAction","target":{"@type":"EntryPoint","urlTemplate":"https:\/\/interlang.es\/?s={search_term_string}"},"query-input":"required name=search_term_string"}],"inLanguage":"en-US"},{"@type":"Organization","@id":"https:\/\/interlang.es\/#organization","name":"Interlang","url":"https:\/\/interlang.es\/","logo":{"@type":"ImageObject","inLanguage":"en-US","@id":"https:\/\/interlang.es\/#\/schema\/logo\/image\/","url":"https:\/\/interlang.es\/wp-content\/uploads\/2023\/05\/Logo_Interlang_Herencia_Reducido.png","contentUrl":"https:\/\/interlang.es\/wp-content\/uploads\/2023\/05\/Logo_Interlang_Herencia_Reducido.png","width":1120,"height":321,"caption":"Interlang"},"image":{"@id":"https:\/\/interlang.es\/#\/schema\/logo\/image\/"}},{"@type":"Person","@id":"https:\/\/interlang.es\/#\/schema\/person\/e51a95af9634701e30859513a5b99732","name":"GoOne","image":{"@type":"ImageObject","inLanguage":"en-US","@id":"https:\/\/interlang.es\/#\/schema\/person\/image\/","url":"https:\/\/secure.gravatar.com\/avatar\/abe82f04f5bcd5672cb45d43f3e9d088?s=96&d=retro&r=g","contentUrl":"https:\/\/secure.gravatar.com\/avatar\/abe82f04f5bcd5672cb45d43f3e9d088?s=96&d=retro&r=g","caption":"GoOne"},"sameAs":["http:\/\/www.goone.es"],"url":"https:\/\/interlang.es\/en\/author\/goone\/"}]}},"_links":{"self":[{"href":"https:\/\/interlang.es\/en\/wp-json\/wp\/v2\/posts\/2909"}],"collection":[{"href":"https:\/\/interlang.es\/en\/wp-json\/wp\/v2\/posts"}],"about":[{"href":"https:\/\/interlang.es\/en\/wp-json\/wp\/v2\/types\/post"}],"author":[{"embeddable":true,"href":"https:\/\/interlang.es\/en\/wp-json\/wp\/v2\/users\/5"}],"replies":[{"embeddable":true,"href":"https:\/\/interlang.es\/en\/wp-json\/wp\/v2\/comments?post=2909"}],"version-history":[{"count":2,"href":"https:\/\/interlang.es\/en\/wp-json\/wp\/v2\/posts\/2909\/revisions"}],"predecessor-version":[{"id":2913,"href":"https:\/\/interlang.es\/en\/wp-json\/wp\/v2\/posts\/2909\/revisions\/2913"}],"wp:featuredmedia":[{"embeddable":true,"href":"https:\/\/interlang.es\/en\/wp-json\/wp\/v2\/media\/2911"}],"wp:attachment":[{"href":"https:\/\/interlang.es\/en\/wp-json\/wp\/v2\/media?parent=2909"}],"wp:term":[{"taxonomy":"category","embeddable":true,"href":"https:\/\/interlang.es\/en\/wp-json\/wp\/v2\/categories?post=2909"},{"taxonomy":"post_tag","embeddable":true,"href":"https:\/\/interlang.es\/en\/wp-json\/wp\/v2\/tags?post=2909"}],"curies":[{"name":"wp","href":"https:\/\/api.w.org\/{rel}","templated":true}]}}