{"id":1709,"date":"2023-05-18T10:30:00","date_gmt":"2023-05-18T10:30:00","guid":{"rendered":"http:\/\/interlang.es\/?p=1709"},"modified":"2023-06-01T10:33:04","modified_gmt":"2023-06-01T10:33:04","slug":"idioma-frances","status":"publish","type":"post","link":"https:\/\/interlang.es\/en\/idioma-frances\/","title":{"rendered":"Idioma franc\u00e9s"},"content":{"rendered":"\n<p>El idioma franc\u00e9s, o <strong><em>fran\u00e7ais<\/em><\/strong>, forma parte de las lenguas rom\u00e1nicas indoeuropeas. Es decir, se trata de una lengua que <strong>proviene del lat\u00edn vulgar<\/strong> que hablaban los pueblos romanos invasores. Previamente, este territorio, hoy conocido como Francia, estuvo habitado por los galos, cuya lengua no tuvo el mismo impacto en el franc\u00e9s. Sigue leyendo este art\u00edculo para conocer la historia, los dialectos y la cultura que rodea este idioma.<\/p>\n\n\n\n<h2 class=\"wp-block-heading\" id=\"h-historia-del-idioma-frances\"><a><\/a>Historia del idioma franc\u00e9s<\/h2>\n\n\n\n<p>En el siglo III los pueblos germ\u00e1nicos invadieron a los galos. Esto implic\u00f3 que sus lenguas influyeran en gran medida en el lat\u00edn vulgar que se hablaba en la regi\u00f3n.<\/p>\n\n\n\n<p>Ya en el a\u00f1o 1539, el rey Francisco I orden\u00f3 que el franc\u00e9s fuera la<strong> lengua oficial <\/strong>con la que comunicarse dentro del sector administrativo y judicial. De esta manera, el lat\u00edn pas\u00f3 a un segundo lugar.<\/p>\n\n\n\n<p>Con el paso de los a\u00f1os, y tras un amplio periodo de unificaci\u00f3n, el franc\u00e9s se moderniz\u00f3 recibiendo, ya en el siglo XVII, la condici\u00f3n de <strong>lengua cultural y diplom\u00e1tica en todo Occidente<\/strong>.<\/p>\n\n\n\n<p>Asimismo, con ayuda de la colonizaci\u00f3n europea, el franc\u00e9s dio el salto a los continentes americano, africano y asi\u00e1tico.<\/p>\n\n\n\n<h2 class=\"wp-block-heading\" id=\"h-dialectos-del-frances\"><a><\/a>Dialectos del franc\u00e9s<\/h2>\n\n\n\n<p>Gracias a su r\u00e1pida extensi\u00f3n, el idioma franc\u00e9s cuenta con numerosos dialectos alrededor de todo el mundo. A continuaci\u00f3n vamos a conocer los m\u00e1s destacados:<\/p>\n\n\n\n<h3 class=\"wp-block-heading\" id=\"h-europa\"><a><\/a>Europa<\/h3>\n\n\n\n<p>El franc\u00e9s europeo est\u00e1 dividido en dos dialectos: <strong><em>la langue d\u2019oil <\/em><\/strong>y<strong> <em>la langue d\u2019oc<\/em><\/strong>. Estos, a su vez, incluyen diferentes variantes.<\/p>\n\n\n\n<h4 class=\"wp-block-heading\" id=\"h-langue-d-oil\"><a><\/a><strong><em>Langue d\u2019oil<\/em><\/strong><\/h4>\n\n\n\n<p>La <strong><em>langue d&#8217;oil<\/em><\/strong> se habla en la zona septentrional y central del continente, incluyendo B\u00e9lgica. Cuenta con dialectos como el <em><strong>fran\u00e7ien<\/strong><\/em>, surgido en la \u00cele de France, que dio lugar al franc\u00e9s est\u00e1ndar. No obstante, no lleg\u00f3 a extenderse por el pa\u00eds a pesar de ser reconocida internacionalmente.<\/p>\n\n\n\n<h4 class=\"wp-block-heading\" id=\"h-langue-d-oc\"><a><\/a><strong><em>Langue d\u2019oc<\/em><\/strong><\/h4>\n\n\n\n<p>Esta variante se habla principalmente en la Occitania francesa, aunque tambi\u00e9n encontramos dialectos similares en Suiza y en la regi\u00f3n del Val d\u2019Aosta en Italia. Se trata de una lengua muy pr\u00f3xima al catal\u00e1n.<\/p>\n\n\n\n<h3 class=\"wp-block-heading\" id=\"h-canada\"><a><\/a>Canad\u00e1<\/h3>\n\n\n\n<p>El franc\u00e9s hablado en Canad\u00e1 utiliza una gram\u00e1tica, un vocabulario y una pronunciaci\u00f3n diferentes respecto al europeo. Asimismo, \u00e9ste est\u00e1 dividido en tres variantes: <strong>el quebequense, el franco-ontariense y el <em>acadiens<\/em><\/strong>:<\/p>\n\n\n\n<h4 class=\"wp-block-heading\" id=\"h-quebequense\"><a><\/a>Quebequense<\/h4>\n\n\n\n<p>Se habla principalmente en Qu\u00e9bec aunque se ha extendido de tal forma que gran parte de los franc\u00f3fonos canadienses lo utilizan en su d\u00eda a d\u00eda.<\/p>\n\n\n\n<h4 class=\"wp-block-heading\" id=\"h-franco-ontariense\"><a><\/a>Franco-ontariense<\/h4>\n\n\n\n<p>Esta variante es hablada en Ontario, en Nueva Inglaterra y en Labrador.<\/p>\n\n\n\n<h4 class=\"wp-block-heading\" id=\"h-acadiens\"><a><\/a><strong><em>Acadiens<\/em><\/strong><\/h4>\n\n\n\n<p>Los acadianos utilizan esta lengua en algunas zonas de las Provincias Mar\u00edtimas del pa\u00eds.<\/p>\n\n\n\n<h3 class=\"wp-block-heading\" id=\"h-africa\"><a><\/a>\u00c1frica<\/h3>\n\n\n\n<p>El continente africano puede presumir de contar con la mayor parte de poblaci\u00f3n franc\u00f3fona del mundo. Encontramos variantes del idioma franc\u00e9s en <strong>m\u00e1s de 30 pa\u00edses<\/strong> y son m\u00e1s de cien millones los hablantes que la utilizan como primera o segunda lengua. \u00bfEn qu\u00e9 se diferencia respecto al franc\u00e9s europeo? Principalmente en la pronunciaci\u00f3n, la gram\u00e1tica y el vocabulario.<\/p>\n\n\n\n<p>Seg\u00fan la zona del continente podemos localizar tres grupos:<\/p>\n\n\n\n<ul>\n<li><strong>Variantes del franc\u00e9s habladas en \u00c1frica Occidental, Central y Oriental.<\/strong><\/li>\n\n\n\n<li><strong>El franc\u00e9s del Magreb.<\/strong><\/li>\n\n\n\n<li><strong>Dialectos hablados en el Oc\u00e9ano \u00cdndico (Islas Reuni\u00f3n, Mauricio y Seychelles).<\/strong><\/li>\n<\/ul>\n\n\n\n<h2 class=\"wp-block-heading\" id=\"h-hablantes-de-frances\"><a><\/a>Hablantes de franc\u00e9s<\/h2>\n\n\n\n<p>En la actualidad, el idioma franc\u00e9s es utilizado en <strong>m\u00e1s de 50 pa\u00edses<\/strong>, siendo uno de los m\u00e1s extendidos alrededor de todo el mundo. Los hablantes que emplean este idioma como primera o segunda opci\u00f3n <strong>superan los 200 millones de personas<\/strong>. Asimismo, el franc\u00e9s es la lengua oficial o <strong>cooficial<\/strong> de, aproximadamente, 29 pa\u00edses, todos ellos distribuidos por todo el globo:<\/p>\n\n\n\n<ul>\n<li><strong>Europa: <\/strong>Francia, Suiza, B\u00e9lgica y Luxemburgo.<\/li>\n\n\n\n<li><strong>\u00c1frica:<\/strong> Marruecos, Argelia, T\u00fanez y colonias francesas.<\/li>\n\n\n\n<li><strong>Am\u00e9rica:<\/strong> Hait\u00ed y Canad\u00e1.<\/li>\n\n\n\n<li>Martinica y Guadalupe.<\/li>\n\n\n\n<li>Islas de los Oc\u00e9anos Pac\u00edfico e \u00cdndico.<\/li>\n<\/ul>\n\n\n\n<p>Esta amplia difusi\u00f3n es debida a la gran influencia de Francia en los \u00e1mbitos pol\u00edtico, cient\u00edfico, cultural y econ\u00f3mico.<\/p>\n\n\n\n<p>Si quieres que tus colaboradores adquieran competencias profesionales en franc\u00e9s, ponte en <a href=\"http:\/\/interlang.es\/contacto\/\">contacto<\/a> con <strong>Interlang<\/strong> y elige tu plan formativo. Nos adaptamos a las necesidades de cada alumno con el objetivo de que consigan desenvolverse con total naturalidad en esta lengua.<\/p>\n","protected":false},"excerpt":{"rendered":"<p>El idioma franc\u00e9s, o fran\u00e7ais, forma parte de las lenguas rom\u00e1nicas indoeuropeas. Es decir, se trata de una lengua que proviene del lat\u00edn vulgar que hablaban los pueblos romanos invasores. Previamente, este territorio, hoy conocido como Francia, estuvo habitado por los galos, cuya lengua no tuvo el mismo impacto en el franc\u00e9s. Sigue leyendo este [&hellip;]<\/p>\n","protected":false},"author":5,"featured_media":1711,"comment_status":"open","ping_status":"open","sticky":false,"template":"","format":"standard","meta":{"_joinchat":[]},"categories":[],"tags":[],"yoast_head":"<!-- This site is optimized with the Yoast SEO Premium plugin v20.6 (Yoast SEO v20.6) - https:\/\/yoast.com\/wordpress\/plugins\/seo\/ -->\n<title>Idioma franc\u00e9s - Interlang<\/title>\n<meta name=\"description\" content=\"Te ense\u00f1amos todo lo que necesitas saber sobre el idioma franc\u00e9s, su historia, sus dialectos y sus millones de hablantes alrededor del mundo.\" \/>\n<meta name=\"robots\" content=\"index, follow, max-snippet:-1, max-image-preview:large, max-video-preview:-1\" \/>\n<link rel=\"canonical\" href=\"https:\/\/interlang.es\/en\/idioma-frances\/\" \/>\n<meta property=\"og:locale\" content=\"en_US\" \/>\n<meta property=\"og:type\" content=\"article\" \/>\n<meta property=\"og:title\" content=\"Idioma franc\u00e9s\" \/>\n<meta property=\"og:description\" content=\"Te ense\u00f1amos todo lo que necesitas saber sobre el idioma franc\u00e9s, su historia, sus dialectos y sus millones de hablantes alrededor del mundo.\" \/>\n<meta property=\"og:url\" content=\"https:\/\/interlang.es\/en\/idioma-frances\/\" \/>\n<meta property=\"og:site_name\" content=\"Interlang\" \/>\n<meta property=\"article:published_time\" content=\"2023-05-18T10:30:00+00:00\" \/>\n<meta property=\"article:modified_time\" content=\"2023-06-01T10:33:04+00:00\" \/>\n<meta property=\"og:image\" content=\"https:\/\/interlang.es\/wp-content\/uploads\/2023\/06\/aprender-concepto-educacion-linea-idioma-frances-scaled.jpg\" \/>\n\t<meta property=\"og:image:width\" content=\"2560\" \/>\n\t<meta property=\"og:image:height\" content=\"1730\" \/>\n\t<meta property=\"og:image:type\" content=\"image\/jpeg\" \/>\n<meta name=\"author\" content=\"GoOne\" \/>\n<meta name=\"twitter:card\" content=\"summary_large_image\" \/>\n<meta name=\"twitter:label1\" content=\"Written by\" \/>\n\t<meta name=\"twitter:data1\" content=\"GoOne\" \/>\n\t<meta name=\"twitter:label2\" content=\"Est. reading time\" \/>\n\t<meta name=\"twitter:data2\" content=\"4 minutes\" \/>\n<script type=\"application\/ld+json\" class=\"yoast-schema-graph\">{\"@context\":\"https:\/\/schema.org\",\"@graph\":[{\"@type\":\"Article\",\"@id\":\"https:\/\/interlang.es\/en\/idioma-frances\/#article\",\"isPartOf\":{\"@id\":\"https:\/\/interlang.es\/en\/idioma-frances\/\"},\"author\":{\"name\":\"GoOne\",\"@id\":\"https:\/\/interlang.es\/#\/schema\/person\/e51a95af9634701e30859513a5b99732\"},\"headline\":\"Idioma franc\u00e9s\",\"datePublished\":\"2023-05-18T10:30:00+00:00\",\"dateModified\":\"2023-06-01T10:33:04+00:00\",\"mainEntityOfPage\":{\"@id\":\"https:\/\/interlang.es\/en\/idioma-frances\/\"},\"wordCount\":743,\"commentCount\":0,\"publisher\":{\"@id\":\"https:\/\/interlang.es\/#organization\"},\"inLanguage\":\"en-US\",\"potentialAction\":[{\"@type\":\"CommentAction\",\"name\":\"Comment\",\"target\":[\"https:\/\/interlang.es\/en\/idioma-frances\/#respond\"]}]},{\"@type\":\"WebPage\",\"@id\":\"https:\/\/interlang.es\/en\/idioma-frances\/\",\"url\":\"https:\/\/interlang.es\/en\/idioma-frances\/\",\"name\":\"Idioma franc\u00e9s - Interlang\",\"isPartOf\":{\"@id\":\"https:\/\/interlang.es\/#website\"},\"datePublished\":\"2023-05-18T10:30:00+00:00\",\"dateModified\":\"2023-06-01T10:33:04+00:00\",\"description\":\"Te ense\u00f1amos todo lo que necesitas saber sobre el idioma franc\u00e9s, su historia, sus dialectos y sus millones de hablantes alrededor del mundo.\",\"breadcrumb\":{\"@id\":\"https:\/\/interlang.es\/en\/idioma-frances\/#breadcrumb\"},\"inLanguage\":\"en-US\",\"potentialAction\":[{\"@type\":\"ReadAction\",\"target\":[\"https:\/\/interlang.es\/en\/idioma-frances\/\"]}]},{\"@type\":\"BreadcrumbList\",\"@id\":\"https:\/\/interlang.es\/en\/idioma-frances\/#breadcrumb\",\"itemListElement\":[{\"@type\":\"ListItem\",\"position\":1,\"name\":\"Portada\",\"item\":\"http:\/\/interlang.es\/en\/\"},{\"@type\":\"ListItem\",\"position\":2,\"name\":\"Idioma franc\u00e9s\"}]},{\"@type\":\"WebSite\",\"@id\":\"https:\/\/interlang.es\/#website\",\"url\":\"https:\/\/interlang.es\/\",\"name\":\"Interlang\",\"description\":\"Just another WordPress site\",\"publisher\":{\"@id\":\"https:\/\/interlang.es\/#organization\"},\"potentialAction\":[{\"@type\":\"SearchAction\",\"target\":{\"@type\":\"EntryPoint\",\"urlTemplate\":\"https:\/\/interlang.es\/?s={search_term_string}\"},\"query-input\":\"required name=search_term_string\"}],\"inLanguage\":\"en-US\"},{\"@type\":\"Organization\",\"@id\":\"https:\/\/interlang.es\/#organization\",\"name\":\"Interlang\",\"url\":\"https:\/\/interlang.es\/\",\"logo\":{\"@type\":\"ImageObject\",\"inLanguage\":\"en-US\",\"@id\":\"https:\/\/interlang.es\/#\/schema\/logo\/image\/\",\"url\":\"https:\/\/interlang.es\/wp-content\/uploads\/2023\/05\/Logo_Interlang_Herencia_Reducido.png\",\"contentUrl\":\"https:\/\/interlang.es\/wp-content\/uploads\/2023\/05\/Logo_Interlang_Herencia_Reducido.png\",\"width\":1120,\"height\":321,\"caption\":\"Interlang\"},\"image\":{\"@id\":\"https:\/\/interlang.es\/#\/schema\/logo\/image\/\"}},{\"@type\":\"Person\",\"@id\":\"https:\/\/interlang.es\/#\/schema\/person\/e51a95af9634701e30859513a5b99732\",\"name\":\"GoOne\",\"image\":{\"@type\":\"ImageObject\",\"inLanguage\":\"en-US\",\"@id\":\"https:\/\/interlang.es\/#\/schema\/person\/image\/\",\"url\":\"https:\/\/secure.gravatar.com\/avatar\/abe82f04f5bcd5672cb45d43f3e9d088?s=96&d=retro&r=g\",\"contentUrl\":\"https:\/\/secure.gravatar.com\/avatar\/abe82f04f5bcd5672cb45d43f3e9d088?s=96&d=retro&r=g\",\"caption\":\"GoOne\"},\"sameAs\":[\"http:\/\/www.goone.es\"],\"url\":\"https:\/\/interlang.es\/en\/author\/goone\/\"}]}<\/script>\n<!-- \/ Yoast SEO Premium plugin. -->","yoast_head_json":{"title":"Idioma franc\u00e9s - Interlang","description":"Te ense\u00f1amos todo lo que necesitas saber sobre el idioma franc\u00e9s, su historia, sus dialectos y sus millones de hablantes alrededor del mundo.","robots":{"index":"index","follow":"follow","max-snippet":"max-snippet:-1","max-image-preview":"max-image-preview:large","max-video-preview":"max-video-preview:-1"},"canonical":"https:\/\/interlang.es\/en\/idioma-frances\/","og_locale":"en_US","og_type":"article","og_title":"Idioma franc\u00e9s","og_description":"Te ense\u00f1amos todo lo que necesitas saber sobre el idioma franc\u00e9s, su historia, sus dialectos y sus millones de hablantes alrededor del mundo.","og_url":"https:\/\/interlang.es\/en\/idioma-frances\/","og_site_name":"Interlang","article_published_time":"2023-05-18T10:30:00+00:00","article_modified_time":"2023-06-01T10:33:04+00:00","og_image":[{"width":2560,"height":1730,"url":"https:\/\/interlang.es\/wp-content\/uploads\/2023\/06\/aprender-concepto-educacion-linea-idioma-frances-scaled.jpg","type":"image\/jpeg"}],"author":"GoOne","twitter_card":"summary_large_image","twitter_misc":{"Written by":"GoOne","Est. reading time":"4 minutes"},"schema":{"@context":"https:\/\/schema.org","@graph":[{"@type":"Article","@id":"https:\/\/interlang.es\/en\/idioma-frances\/#article","isPartOf":{"@id":"https:\/\/interlang.es\/en\/idioma-frances\/"},"author":{"name":"GoOne","@id":"https:\/\/interlang.es\/#\/schema\/person\/e51a95af9634701e30859513a5b99732"},"headline":"Idioma franc\u00e9s","datePublished":"2023-05-18T10:30:00+00:00","dateModified":"2023-06-01T10:33:04+00:00","mainEntityOfPage":{"@id":"https:\/\/interlang.es\/en\/idioma-frances\/"},"wordCount":743,"commentCount":0,"publisher":{"@id":"https:\/\/interlang.es\/#organization"},"inLanguage":"en-US","potentialAction":[{"@type":"CommentAction","name":"Comment","target":["https:\/\/interlang.es\/en\/idioma-frances\/#respond"]}]},{"@type":"WebPage","@id":"https:\/\/interlang.es\/en\/idioma-frances\/","url":"https:\/\/interlang.es\/en\/idioma-frances\/","name":"Idioma franc\u00e9s - Interlang","isPartOf":{"@id":"https:\/\/interlang.es\/#website"},"datePublished":"2023-05-18T10:30:00+00:00","dateModified":"2023-06-01T10:33:04+00:00","description":"Te ense\u00f1amos todo lo que necesitas saber sobre el idioma franc\u00e9s, su historia, sus dialectos y sus millones de hablantes alrededor del mundo.","breadcrumb":{"@id":"https:\/\/interlang.es\/en\/idioma-frances\/#breadcrumb"},"inLanguage":"en-US","potentialAction":[{"@type":"ReadAction","target":["https:\/\/interlang.es\/en\/idioma-frances\/"]}]},{"@type":"BreadcrumbList","@id":"https:\/\/interlang.es\/en\/idioma-frances\/#breadcrumb","itemListElement":[{"@type":"ListItem","position":1,"name":"Portada","item":"http:\/\/interlang.es\/en\/"},{"@type":"ListItem","position":2,"name":"Idioma franc\u00e9s"}]},{"@type":"WebSite","@id":"https:\/\/interlang.es\/#website","url":"https:\/\/interlang.es\/","name":"Interlang","description":"Just another WordPress site","publisher":{"@id":"https:\/\/interlang.es\/#organization"},"potentialAction":[{"@type":"SearchAction","target":{"@type":"EntryPoint","urlTemplate":"https:\/\/interlang.es\/?s={search_term_string}"},"query-input":"required name=search_term_string"}],"inLanguage":"en-US"},{"@type":"Organization","@id":"https:\/\/interlang.es\/#organization","name":"Interlang","url":"https:\/\/interlang.es\/","logo":{"@type":"ImageObject","inLanguage":"en-US","@id":"https:\/\/interlang.es\/#\/schema\/logo\/image\/","url":"https:\/\/interlang.es\/wp-content\/uploads\/2023\/05\/Logo_Interlang_Herencia_Reducido.png","contentUrl":"https:\/\/interlang.es\/wp-content\/uploads\/2023\/05\/Logo_Interlang_Herencia_Reducido.png","width":1120,"height":321,"caption":"Interlang"},"image":{"@id":"https:\/\/interlang.es\/#\/schema\/logo\/image\/"}},{"@type":"Person","@id":"https:\/\/interlang.es\/#\/schema\/person\/e51a95af9634701e30859513a5b99732","name":"GoOne","image":{"@type":"ImageObject","inLanguage":"en-US","@id":"https:\/\/interlang.es\/#\/schema\/person\/image\/","url":"https:\/\/secure.gravatar.com\/avatar\/abe82f04f5bcd5672cb45d43f3e9d088?s=96&d=retro&r=g","contentUrl":"https:\/\/secure.gravatar.com\/avatar\/abe82f04f5bcd5672cb45d43f3e9d088?s=96&d=retro&r=g","caption":"GoOne"},"sameAs":["http:\/\/www.goone.es"],"url":"https:\/\/interlang.es\/en\/author\/goone\/"}]}},"_links":{"self":[{"href":"https:\/\/interlang.es\/en\/wp-json\/wp\/v2\/posts\/1709"}],"collection":[{"href":"https:\/\/interlang.es\/en\/wp-json\/wp\/v2\/posts"}],"about":[{"href":"https:\/\/interlang.es\/en\/wp-json\/wp\/v2\/types\/post"}],"author":[{"embeddable":true,"href":"https:\/\/interlang.es\/en\/wp-json\/wp\/v2\/users\/5"}],"replies":[{"embeddable":true,"href":"https:\/\/interlang.es\/en\/wp-json\/wp\/v2\/comments?post=1709"}],"version-history":[{"count":1,"href":"https:\/\/interlang.es\/en\/wp-json\/wp\/v2\/posts\/1709\/revisions"}],"predecessor-version":[{"id":1713,"href":"https:\/\/interlang.es\/en\/wp-json\/wp\/v2\/posts\/1709\/revisions\/1713"}],"wp:featuredmedia":[{"embeddable":true,"href":"https:\/\/interlang.es\/en\/wp-json\/wp\/v2\/media\/1711"}],"wp:attachment":[{"href":"https:\/\/interlang.es\/en\/wp-json\/wp\/v2\/media?parent=1709"}],"wp:term":[{"taxonomy":"category","embeddable":true,"href":"https:\/\/interlang.es\/en\/wp-json\/wp\/v2\/categories?post=1709"},{"taxonomy":"post_tag","embeddable":true,"href":"https:\/\/interlang.es\/en\/wp-json\/wp\/v2\/tags?post=1709"}],"curies":[{"name":"wp","href":"https:\/\/api.w.org\/{rel}","templated":true}]}}